{"id":572,"date":"2026-02-12T10:03:59","date_gmt":"2026-02-12T08:03:59","guid":{"rendered":"https:\/\/vaasankameleontti.fi\/?p=572"},"modified":"2026-02-13T13:22:27","modified_gmt":"2026-02-13T11:22:27","slug":"asiakastilaisuus-173","status":"publish","type":"post","link":"https:\/\/vaasankameleontti.fi\/en\/ajankohtaista\/asiakastilaisuus-173\/","title":{"rendered":"Vaasan Kameleontin asiakastilaisuus tiistaina 17.3."},"content":{"rendered":"<p>L\u00e4mpim\u00e4sti tervetuloa Vaasan Kameleontin asiakastilaisuuteen!<\/p>\n<p>Ilta alkaa tutustumisella Vaasan Kameleonttiin (Puotikuja 2, Vaasa) klo 15.30 alkaen, mink\u00e4 j\u00e4lkeen siirrymme Vaasan S\u00e4hk\u00f6 Areenalle noin kello 17. Areenalla meit\u00e4 odottavat ruokailu sek\u00e4 Sport vs. K\u00e4rp\u00e4t -ottelu, joka alkaa klo 18.30.<\/p>\n<p>Huomioittehan, ett\u00e4 tilaisuus on suunnattu yritysten edustajille. Yhdest\u00e4 yrityksest\u00e4 voi olla maksimissaan kaksi osallistujaa.<\/p>\n<p><a class=\"custom-link btn btn-custom-typo font-181242 font-weight-400 text-initial no-letterspace border-width-0 btn-text-skin btn-color-279189 btn-icon-left cursor-init\" href=\"https:\/\/forms.gle\/Gj43ZBSbQY5mHyno7\" target=\"_blank\" rel=\"noopener\">Ilmoittaudu t\u00e4\u00e4lt\u00e4<\/a><\/p>\n<p>Ilmoittautuminen p\u00e4\u00e4ttyy perjantaina 13.3. klo 14.<\/p>\n<p><strong>Lis\u00e4tiedot ja kysymykset<\/strong><br \/>\n<strong>Tapio Lyytinen<\/strong><br \/>\n<span id=\"eeb-157633-27524\">tapio.lyytinen@joscon.fi<\/span><br \/>\np. 045 8067088<\/p>\n","protected":false},"excerpt":{"rendered":"<p>L\u00e4mpim\u00e4sti tervetuloa Vaasan Kameleontin asiakastilaisuuteen tiistaina 17.3. klo 15.30 alkaen! <\/p>\n","protected":false},"author":3,"featured_media":583,"comment_status":"closed","ping_status":"open","sticky":false,"template":"","format":"standard","meta":{"footnotes":""},"categories":[1],"tags":[],"class_list":["post-572","post","type-post","status-publish","format-standard","has-post-thumbnail","hentry","category-ajankohtaista"],"yoast_head":"<!-- This site is optimized with the Yoast SEO plugin v26.8 - https:\/\/yoast.com\/product\/yoast-seo-wordpress\/ -->\n<title>Vaasan Kameleontin asiakastilaisuus tiistaina 17.3. - Vaasan Kameleontti<\/title>\n<meta name=\"robots\" content=\"index, follow, max-snippet:-1, max-image-preview:large, max-video-preview:-1\" \/>\n<link rel=\"canonical\" href=\"https:\/\/vaasankameleontti.fi\/en\/ajankohtaista\/asiakastilaisuus-173\/\" \/>\n<meta property=\"og:locale\" content=\"en_US\" \/>\n<meta property=\"og:type\" content=\"article\" \/>\n<meta property=\"og:title\" content=\"Vaasan Kameleontin asiakastilaisuus tiistaina 17.3. - Vaasan Kameleontti\" \/>\n<meta property=\"og:description\" content=\"L\u00e4mpim\u00e4sti tervetuloa Vaasan Kameleontin asiakastilaisuuteen tiistaina 17.3. klo 15.30 alkaen!\" \/>\n<meta property=\"og:url\" content=\"https:\/\/vaasankameleontti.fi\/en\/ajankohtaista\/asiakastilaisuus-173\/\" \/>\n<meta property=\"og:site_name\" content=\"Vaasan Kameleontti\" \/>\n<meta property=\"article:published_time\" content=\"2026-02-12T08:03:59+00:00\" \/>\n<meta property=\"article:modified_time\" content=\"2026-02-13T11:22:27+00:00\" \/>\n<meta property=\"og:image\" content=\"https:\/\/vaasankameleontti.fi\/wp-content\/uploads\/2026\/02\/kameleonttisport.jpg\" \/>\n\t<meta property=\"og:image:width\" content=\"1920\" \/>\n\t<meta property=\"og:image:height\" content=\"1080\" \/>\n\t<meta property=\"og:image:type\" content=\"image\/jpeg\" \/>\n<meta name=\"author\" content=\"Petra Viitanen\" \/>\n<meta name=\"twitter:card\" content=\"summary_large_image\" \/>\n<meta name=\"twitter:label1\" content=\"Written by\" \/>\n\t<meta name=\"twitter:data1\" content=\"Petra Viitanen\" \/>\n\t<meta name=\"twitter:label2\" content=\"Est. reading time\" \/>\n\t<meta name=\"twitter:data2\" content=\"1 minute\" \/>\n<script type=\"application\/ld+json\" class=\"yoast-schema-graph\">{\"@context\":\"https:\/\/schema.org\",\"@graph\":[{\"@type\":\"Article\",\"@id\":\"https:\/\/vaasankameleontti.fi\/en\/ajankohtaista\/asiakastilaisuus-173\/#article\",\"isPartOf\":{\"@id\":\"https:\/\/vaasankameleontti.fi\/en\/ajankohtaista\/asiakastilaisuus-173\/\"},\"author\":{\"name\":\"Petra Viitanen\",\"@id\":\"https:\/\/vaasankameleontti.fi\/en\/#\/schema\/person\/2f4b35a35a18d11324d4038b1c2b7e55\"},\"headline\":\"Vaasan Kameleontin asiakastilaisuus tiistaina 17.3.\",\"datePublished\":\"2026-02-12T08:03:59+00:00\",\"dateModified\":\"2026-02-13T11:22:27+00:00\",\"mainEntityOfPage\":{\"@id\":\"https:\/\/vaasankameleontti.fi\/en\/ajankohtaista\/asiakastilaisuus-173\/\"},\"wordCount\":77,\"publisher\":{\"@id\":\"https:\/\/vaasankameleontti.fi\/en\/#organization\"},\"image\":{\"@id\":\"https:\/\/vaasankameleontti.fi\/en\/ajankohtaista\/asiakastilaisuus-173\/#primaryimage\"},\"thumbnailUrl\":\"https:\/\/vaasankameleontti.fi\/wp-content\/uploads\/2026\/02\/kameleonttisport.jpg\",\"articleSection\":[\"Ajankohtaista\"],\"inLanguage\":\"en-US\"},{\"@type\":\"WebPage\",\"@id\":\"https:\/\/vaasankameleontti.fi\/en\/ajankohtaista\/asiakastilaisuus-173\/\",\"url\":\"https:\/\/vaasankameleontti.fi\/en\/ajankohtaista\/asiakastilaisuus-173\/\",\"name\":\"Vaasan Kameleontin asiakastilaisuus tiistaina 17.3. - Vaasan Kameleontti\",\"isPartOf\":{\"@id\":\"https:\/\/vaasankameleontti.fi\/en\/#website\"},\"primaryImageOfPage\":{\"@id\":\"https:\/\/vaasankameleontti.fi\/en\/ajankohtaista\/asiakastilaisuus-173\/#primaryimage\"},\"image\":{\"@id\":\"https:\/\/vaasankameleontti.fi\/en\/ajankohtaista\/asiakastilaisuus-173\/#primaryimage\"},\"thumbnailUrl\":\"https:\/\/vaasankameleontti.fi\/wp-content\/uploads\/2026\/02\/kameleonttisport.jpg\",\"datePublished\":\"2026-02-12T08:03:59+00:00\",\"dateModified\":\"2026-02-13T11:22:27+00:00\",\"breadcrumb\":{\"@id\":\"https:\/\/vaasankameleontti.fi\/en\/ajankohtaista\/asiakastilaisuus-173\/#breadcrumb\"},\"inLanguage\":\"en-US\",\"potentialAction\":[{\"@type\":\"ReadAction\",\"target\":[\"https:\/\/vaasankameleontti.fi\/en\/ajankohtaista\/asiakastilaisuus-173\/\"]}]},{\"@type\":\"ImageObject\",\"inLanguage\":\"en-US\",\"@id\":\"https:\/\/vaasankameleontti.fi\/en\/ajankohtaista\/asiakastilaisuus-173\/#primaryimage\",\"url\":\"https:\/\/vaasankameleontti.fi\/wp-content\/uploads\/2026\/02\/kameleonttisport.jpg\",\"contentUrl\":\"https:\/\/vaasankameleontti.fi\/wp-content\/uploads\/2026\/02\/kameleonttisport.jpg\",\"width\":1920,\"height\":1080},{\"@type\":\"BreadcrumbList\",\"@id\":\"https:\/\/vaasankameleontti.fi\/en\/ajankohtaista\/asiakastilaisuus-173\/#breadcrumb\",\"itemListElement\":[{\"@type\":\"ListItem\",\"position\":1,\"name\":\"Etusivu\",\"item\":\"https:\/\/vaasankameleontti.fi\/en\/\"},{\"@type\":\"ListItem\",\"position\":2,\"name\":\"Vaasan Kameleontin asiakastilaisuus tiistaina 17.3.\"}]},{\"@type\":\"WebSite\",\"@id\":\"https:\/\/vaasankameleontti.fi\/en\/#website\",\"url\":\"https:\/\/vaasankameleontti.fi\/en\/\",\"name\":\"Vaasan Kameleontti\",\"description\":\"Kameleontti tarjoaa yrityksellesi tulevaisuuden toimitilat Runsorin ytimess\u00e4 lentokent\u00e4n vieress\u00e4 ja vain vartin ajomatkan p\u00e4\u00e4ss\u00e4 Vaasan keskustasta.\",\"publisher\":{\"@id\":\"https:\/\/vaasankameleontti.fi\/en\/#organization\"},\"potentialAction\":[{\"@type\":\"SearchAction\",\"target\":{\"@type\":\"EntryPoint\",\"urlTemplate\":\"https:\/\/vaasankameleontti.fi\/en\/?s={search_term_string}\"},\"query-input\":{\"@type\":\"PropertyValueSpecification\",\"valueRequired\":true,\"valueName\":\"search_term_string\"}}],\"inLanguage\":\"en-US\"},{\"@type\":\"Organization\",\"@id\":\"https:\/\/vaasankameleontti.fi\/en\/#organization\",\"name\":\"Chameleon Vaasa\",\"url\":\"https:\/\/vaasankameleontti.fi\/en\/\",\"logo\":{\"@type\":\"ImageObject\",\"inLanguage\":\"en-US\",\"@id\":\"https:\/\/vaasankameleontti.fi\/en\/#\/schema\/logo\/image\/\",\"url\":\"https:\/\/vaasankameleontti.fi\/wp-content\/uploads\/2025\/10\/Kameleontti_logo_oranssi_fi.svg\",\"contentUrl\":\"https:\/\/vaasankameleontti.fi\/wp-content\/uploads\/2025\/10\/Kameleontti_logo_oranssi_fi.svg\",\"width\":9897949829,\"height\":2083159943,\"caption\":\"Chameleon Vaasa\"},\"image\":{\"@id\":\"https:\/\/vaasankameleontti.fi\/en\/#\/schema\/logo\/image\/\"}},{\"@type\":\"Person\",\"@id\":\"https:\/\/vaasankameleontti.fi\/en\/#\/schema\/person\/2f4b35a35a18d11324d4038b1c2b7e55\",\"name\":\"Petra Viitanen\",\"sameAs\":[\"https:\/\/redcarpetgroup.fi\"]}]}<\/script>\n<!-- \/ Yoast SEO plugin. -->","yoast_head_json":{"title":"Vaasan Kameleontin asiakastilaisuus tiistaina 17.3. - Vaasan Kameleontti","robots":{"index":"index","follow":"follow","max-snippet":"max-snippet:-1","max-image-preview":"max-image-preview:large","max-video-preview":"max-video-preview:-1"},"canonical":"https:\/\/vaasankameleontti.fi\/en\/ajankohtaista\/asiakastilaisuus-173\/","og_locale":"en_US","og_type":"article","og_title":"Vaasan Kameleontin asiakastilaisuus tiistaina 17.3. - Vaasan Kameleontti","og_description":"L\u00e4mpim\u00e4sti tervetuloa Vaasan Kameleontin asiakastilaisuuteen tiistaina 17.3. klo 15.30 alkaen!","og_url":"https:\/\/vaasankameleontti.fi\/en\/ajankohtaista\/asiakastilaisuus-173\/","og_site_name":"Vaasan Kameleontti","article_published_time":"2026-02-12T08:03:59+00:00","article_modified_time":"2026-02-13T11:22:27+00:00","og_image":[{"width":1920,"height":1080,"url":"https:\/\/vaasankameleontti.fi\/wp-content\/uploads\/2026\/02\/kameleonttisport.jpg","type":"image\/jpeg"}],"author":"Petra Viitanen","twitter_card":"summary_large_image","twitter_misc":{"Written by":"Petra Viitanen","Est. reading time":"1 minute"},"schema":{"@context":"https:\/\/schema.org","@graph":[{"@type":"Article","@id":"https:\/\/vaasankameleontti.fi\/en\/ajankohtaista\/asiakastilaisuus-173\/#article","isPartOf":{"@id":"https:\/\/vaasankameleontti.fi\/en\/ajankohtaista\/asiakastilaisuus-173\/"},"author":{"name":"Petra Viitanen","@id":"https:\/\/vaasankameleontti.fi\/en\/#\/schema\/person\/2f4b35a35a18d11324d4038b1c2b7e55"},"headline":"Vaasan Kameleontin asiakastilaisuus tiistaina 17.3.","datePublished":"2026-02-12T08:03:59+00:00","dateModified":"2026-02-13T11:22:27+00:00","mainEntityOfPage":{"@id":"https:\/\/vaasankameleontti.fi\/en\/ajankohtaista\/asiakastilaisuus-173\/"},"wordCount":77,"publisher":{"@id":"https:\/\/vaasankameleontti.fi\/en\/#organization"},"image":{"@id":"https:\/\/vaasankameleontti.fi\/en\/ajankohtaista\/asiakastilaisuus-173\/#primaryimage"},"thumbnailUrl":"https:\/\/vaasankameleontti.fi\/wp-content\/uploads\/2026\/02\/kameleonttisport.jpg","articleSection":["Ajankohtaista"],"inLanguage":"en-US"},{"@type":"WebPage","@id":"https:\/\/vaasankameleontti.fi\/en\/ajankohtaista\/asiakastilaisuus-173\/","url":"https:\/\/vaasankameleontti.fi\/en\/ajankohtaista\/asiakastilaisuus-173\/","name":"Vaasan Kameleontin asiakastilaisuus tiistaina 17.3. - Vaasan Kameleontti","isPartOf":{"@id":"https:\/\/vaasankameleontti.fi\/en\/#website"},"primaryImageOfPage":{"@id":"https:\/\/vaasankameleontti.fi\/en\/ajankohtaista\/asiakastilaisuus-173\/#primaryimage"},"image":{"@id":"https:\/\/vaasankameleontti.fi\/en\/ajankohtaista\/asiakastilaisuus-173\/#primaryimage"},"thumbnailUrl":"https:\/\/vaasankameleontti.fi\/wp-content\/uploads\/2026\/02\/kameleonttisport.jpg","datePublished":"2026-02-12T08:03:59+00:00","dateModified":"2026-02-13T11:22:27+00:00","breadcrumb":{"@id":"https:\/\/vaasankameleontti.fi\/en\/ajankohtaista\/asiakastilaisuus-173\/#breadcrumb"},"inLanguage":"en-US","potentialAction":[{"@type":"ReadAction","target":["https:\/\/vaasankameleontti.fi\/en\/ajankohtaista\/asiakastilaisuus-173\/"]}]},{"@type":"ImageObject","inLanguage":"en-US","@id":"https:\/\/vaasankameleontti.fi\/en\/ajankohtaista\/asiakastilaisuus-173\/#primaryimage","url":"https:\/\/vaasankameleontti.fi\/wp-content\/uploads\/2026\/02\/kameleonttisport.jpg","contentUrl":"https:\/\/vaasankameleontti.fi\/wp-content\/uploads\/2026\/02\/kameleonttisport.jpg","width":1920,"height":1080},{"@type":"BreadcrumbList","@id":"https:\/\/vaasankameleontti.fi\/en\/ajankohtaista\/asiakastilaisuus-173\/#breadcrumb","itemListElement":[{"@type":"ListItem","position":1,"name":"Etusivu","item":"https:\/\/vaasankameleontti.fi\/en\/"},{"@type":"ListItem","position":2,"name":"Vaasan Kameleontin asiakastilaisuus tiistaina 17.3."}]},{"@type":"WebSite","@id":"https:\/\/vaasankameleontti.fi\/en\/#website","url":"https:\/\/vaasankameleontti.fi\/en\/","name":"Vaasan Kameleontti","description":"Kameleontti tarjoaa yrityksellesi tulevaisuuden toimitilat Runsorin ytimess\u00e4 lentokent\u00e4n vieress\u00e4 ja vain vartin ajomatkan p\u00e4\u00e4ss\u00e4 Vaasan keskustasta.","publisher":{"@id":"https:\/\/vaasankameleontti.fi\/en\/#organization"},"potentialAction":[{"@type":"SearchAction","target":{"@type":"EntryPoint","urlTemplate":"https:\/\/vaasankameleontti.fi\/en\/?s={search_term_string}"},"query-input":{"@type":"PropertyValueSpecification","valueRequired":true,"valueName":"search_term_string"}}],"inLanguage":"en-US"},{"@type":"Organization","@id":"https:\/\/vaasankameleontti.fi\/en\/#organization","name":"Chameleon Vaasa","url":"https:\/\/vaasankameleontti.fi\/en\/","logo":{"@type":"ImageObject","inLanguage":"en-US","@id":"https:\/\/vaasankameleontti.fi\/en\/#\/schema\/logo\/image\/","url":"https:\/\/vaasankameleontti.fi\/wp-content\/uploads\/2025\/10\/Kameleontti_logo_oranssi_fi.svg","contentUrl":"https:\/\/vaasankameleontti.fi\/wp-content\/uploads\/2025\/10\/Kameleontti_logo_oranssi_fi.svg","width":9897949829,"height":2083159943,"caption":"Chameleon Vaasa"},"image":{"@id":"https:\/\/vaasankameleontti.fi\/en\/#\/schema\/logo\/image\/"}},{"@type":"Person","@id":"https:\/\/vaasankameleontti.fi\/en\/#\/schema\/person\/2f4b35a35a18d11324d4038b1c2b7e55","name":"Petra Viitanen","sameAs":["https:\/\/redcarpetgroup.fi"]}]}},"_links":{"self":[{"href":"https:\/\/vaasankameleontti.fi\/en\/wp-json\/wp\/v2\/posts\/572","targetHints":{"allow":["GET"]}}],"collection":[{"href":"https:\/\/vaasankameleontti.fi\/en\/wp-json\/wp\/v2\/posts"}],"about":[{"href":"https:\/\/vaasankameleontti.fi\/en\/wp-json\/wp\/v2\/types\/post"}],"author":[{"embeddable":true,"href":"https:\/\/vaasankameleontti.fi\/en\/wp-json\/wp\/v2\/users\/3"}],"replies":[{"embeddable":true,"href":"https:\/\/vaasankameleontti.fi\/en\/wp-json\/wp\/v2\/comments?post=572"}],"version-history":[{"count":6,"href":"https:\/\/vaasankameleontti.fi\/en\/wp-json\/wp\/v2\/posts\/572\/revisions"}],"predecessor-version":[{"id":600,"href":"https:\/\/vaasankameleontti.fi\/en\/wp-json\/wp\/v2\/posts\/572\/revisions\/600"}],"wp:featuredmedia":[{"embeddable":true,"href":"https:\/\/vaasankameleontti.fi\/en\/wp-json\/wp\/v2\/media\/583"}],"wp:attachment":[{"href":"https:\/\/vaasankameleontti.fi\/en\/wp-json\/wp\/v2\/media?parent=572"}],"wp:term":[{"taxonomy":"category","embeddable":true,"href":"https:\/\/vaasankameleontti.fi\/en\/wp-json\/wp\/v2\/categories?post=572"},{"taxonomy":"post_tag","embeddable":true,"href":"https:\/\/vaasankameleontti.fi\/en\/wp-json\/wp\/v2\/tags?post=572"}],"curies":[{"name":"wp","href":"https:\/\/api.w.org\/{rel}","templated":true}]}}