{"id":1,"date":"2025-11-19T09:00:57","date_gmt":"2025-11-19T07:00:57","guid":{"rendered":"https:\/\/vaasankameleontti.fi\/?p=1"},"modified":"2025-12-02T15:21:20","modified_gmt":"2025-12-02T13:21:20","slug":"asiakastilaisuus-28-11-2025","status":"publish","type":"post","link":"https:\/\/vaasankameleontti.fi\/sv\/ajankohtaista\/asiakastilaisuus-28-11-2025\/","title":{"rendered":"Tervetuloa tutustumaan Vaasan Kameleonttiin pe 28.11. klo 8.00-9.30"},"content":{"rendered":"<h3>Paikka ja aika:<\/h3>\n<p>pe 28.11. klo 8.00-9.30<br \/>\nPuotikuja 2, Vaasa<\/p>\n<h3>Ohjelma ja aikataulu:<\/h3>\n<p><strong>Klo 8\u20138.15 &#8211;<\/strong> Kokoontuminen ja vierailijoiden vastaanotto p\u00e4\u00e4sis\u00e4\u00e4nk\u00e4ynnin aulassa<br \/>\n<strong>Klo 8.15\u20138.45 &#8211;<\/strong> Aamupala 1.kerroksen ruokasalissa sek\u00e4 tiivis kohde-esittely<br \/>\n<strong>Klo 8.45\u20139.30 &#8211;<\/strong> Kohdekierros 2krs. ja 3.krs sek\u00e4 5.krs neukkarit<br \/>\n<strong>Klo 9.30 &#8211;<\/strong> Tilaisuus p\u00e4\u00e4ttyy<\/p>\n<p><a class=\"custom-link btn btn-custom-typo font-181242 font-weight-400 text-initial no-letterspace border-width-0 btn-text-skin btn-color-279189 btn-icon-left cursor-init\" href=\"https:\/\/docs.google.com\/forms\/d\/e\/1FAIpQLSdmnvPbloFTgVoBuGgPxK5B4qg55j_j5qEK8af4S6D16pEgbg\/viewform\" target=\"_blank\" rel=\"noopener\">Ilmoittaudu t\u00e4\u00e4lt\u00e4<\/a><\/p>\n","protected":false},"excerpt":{"rendered":"<p>Pyyd\u00e4mme ilmoittautumista tilaisuuteen ti 25.11. menness\u00e4 alla olevan linkin kautta. Voit ilmoittaa samalla my\u00f6s useampia osallistujia.<\/p>\n","protected":false},"author":1,"featured_media":447,"comment_status":"open","ping_status":"open","sticky":false,"template":"","format":"standard","meta":{"footnotes":""},"categories":[1],"tags":[],"class_list":["post-1","post","type-post","status-publish","format-standard","has-post-thumbnail","hentry","category-ajankohtaista"],"yoast_head":"<!-- This site is optimized with the Yoast SEO plugin v26.8 - https:\/\/yoast.com\/product\/yoast-seo-wordpress\/ -->\n<title>Tervetuloa tutustumaan Vaasan Kameleonttiin pe 28.11. klo 8.00-9.30 - Vaasan Kameleontti<\/title>\n<meta name=\"robots\" content=\"index, follow, max-snippet:-1, max-image-preview:large, max-video-preview:-1\" \/>\n<link rel=\"canonical\" href=\"https:\/\/vaasankameleontti.fi\/sv\/ajankohtaista\/asiakastilaisuus-28-11-2025\/\" \/>\n<meta property=\"og:locale\" content=\"sv_SE\" \/>\n<meta property=\"og:type\" content=\"article\" \/>\n<meta property=\"og:title\" content=\"Tervetuloa tutustumaan Vaasan Kameleonttiin pe 28.11. klo 8.00-9.30 - Vaasan Kameleontti\" \/>\n<meta property=\"og:description\" content=\"Pyyd\u00e4mme ilmoittautumista tilaisuuteen ti 25.11. menness\u00e4 alla olevan linkin kautta. Voit ilmoittaa samalla my\u00f6s useampia osallistujia.\" \/>\n<meta property=\"og:url\" content=\"https:\/\/vaasankameleontti.fi\/sv\/ajankohtaista\/asiakastilaisuus-28-11-2025\/\" \/>\n<meta property=\"og:site_name\" content=\"Vaasan Kameleontti\" \/>\n<meta property=\"article:published_time\" content=\"2025-11-19T07:00:57+00:00\" \/>\n<meta property=\"article:modified_time\" content=\"2025-12-02T13:21:20+00:00\" \/>\n<meta property=\"og:image\" content=\"https:\/\/vaasankameleontti.fi\/wp-content\/uploads\/2025\/11\/vaasan-kameleontti-ulkoa3.jpg\" \/>\n\t<meta property=\"og:image:width\" content=\"1199\" \/>\n\t<meta property=\"og:image:height\" content=\"800\" \/>\n\t<meta property=\"og:image:type\" content=\"image\/jpeg\" \/>\n<meta name=\"author\" content=\"admin\" \/>\n<meta name=\"twitter:card\" content=\"summary_large_image\" \/>\n<meta name=\"twitter:label1\" content=\"Skriven av\" \/>\n\t<meta name=\"twitter:data1\" content=\"admin\" \/>\n\t<meta name=\"twitter:label2\" content=\"Ber\u00e4knad l\u00e4stid\" \/>\n\t<meta name=\"twitter:data2\" content=\"1 minut\" \/>\n<script type=\"application\/ld+json\" class=\"yoast-schema-graph\">{\"@context\":\"https:\/\/schema.org\",\"@graph\":[{\"@type\":\"Article\",\"@id\":\"https:\/\/vaasankameleontti.fi\/sv\/ajankohtaista\/asiakastilaisuus-28-11-2025\/#article\",\"isPartOf\":{\"@id\":\"https:\/\/vaasankameleontti.fi\/sv\/ajankohtaista\/asiakastilaisuus-28-11-2025\/\"},\"author\":{\"name\":\"admin\",\"@id\":\"https:\/\/vaasankameleontti.fi\/sv\/#\/schema\/person\/81cf124221f9f1ffdfcb3fe9bd82645b\"},\"headline\":\"Tervetuloa tutustumaan Vaasan Kameleonttiin pe 28.11. klo 8.00-9.30\",\"datePublished\":\"2025-11-19T07:00:57+00:00\",\"dateModified\":\"2025-12-02T13:21:20+00:00\",\"mainEntityOfPage\":{\"@id\":\"https:\/\/vaasankameleontti.fi\/sv\/ajankohtaista\/asiakastilaisuus-28-11-2025\/\"},\"wordCount\":54,\"commentCount\":1,\"publisher\":{\"@id\":\"https:\/\/vaasankameleontti.fi\/sv\/#organization\"},\"image\":{\"@id\":\"https:\/\/vaasankameleontti.fi\/sv\/ajankohtaista\/asiakastilaisuus-28-11-2025\/#primaryimage\"},\"thumbnailUrl\":\"https:\/\/vaasankameleontti.fi\/wp-content\/uploads\/2025\/11\/vaasan-kameleontti-ulkoa3.jpg\",\"articleSection\":[\"Ajankohtaista\"],\"inLanguage\":\"sv-SE\",\"potentialAction\":[{\"@type\":\"CommentAction\",\"name\":\"Comment\",\"target\":[\"https:\/\/vaasankameleontti.fi\/sv\/ajankohtaista\/asiakastilaisuus-28-11-2025\/#respond\"]}]},{\"@type\":\"WebPage\",\"@id\":\"https:\/\/vaasankameleontti.fi\/sv\/ajankohtaista\/asiakastilaisuus-28-11-2025\/\",\"url\":\"https:\/\/vaasankameleontti.fi\/sv\/ajankohtaista\/asiakastilaisuus-28-11-2025\/\",\"name\":\"Tervetuloa tutustumaan Vaasan Kameleonttiin pe 28.11. klo 8.00-9.30 - Vaasan Kameleontti\",\"isPartOf\":{\"@id\":\"https:\/\/vaasankameleontti.fi\/sv\/#website\"},\"primaryImageOfPage\":{\"@id\":\"https:\/\/vaasankameleontti.fi\/sv\/ajankohtaista\/asiakastilaisuus-28-11-2025\/#primaryimage\"},\"image\":{\"@id\":\"https:\/\/vaasankameleontti.fi\/sv\/ajankohtaista\/asiakastilaisuus-28-11-2025\/#primaryimage\"},\"thumbnailUrl\":\"https:\/\/vaasankameleontti.fi\/wp-content\/uploads\/2025\/11\/vaasan-kameleontti-ulkoa3.jpg\",\"datePublished\":\"2025-11-19T07:00:57+00:00\",\"dateModified\":\"2025-12-02T13:21:20+00:00\",\"breadcrumb\":{\"@id\":\"https:\/\/vaasankameleontti.fi\/sv\/ajankohtaista\/asiakastilaisuus-28-11-2025\/#breadcrumb\"},\"inLanguage\":\"sv-SE\",\"potentialAction\":[{\"@type\":\"ReadAction\",\"target\":[\"https:\/\/vaasankameleontti.fi\/sv\/ajankohtaista\/asiakastilaisuus-28-11-2025\/\"]}]},{\"@type\":\"ImageObject\",\"inLanguage\":\"sv-SE\",\"@id\":\"https:\/\/vaasankameleontti.fi\/sv\/ajankohtaista\/asiakastilaisuus-28-11-2025\/#primaryimage\",\"url\":\"https:\/\/vaasankameleontti.fi\/wp-content\/uploads\/2025\/11\/vaasan-kameleontti-ulkoa3.jpg\",\"contentUrl\":\"https:\/\/vaasankameleontti.fi\/wp-content\/uploads\/2025\/11\/vaasan-kameleontti-ulkoa3.jpg\",\"width\":1199,\"height\":800},{\"@type\":\"BreadcrumbList\",\"@id\":\"https:\/\/vaasankameleontti.fi\/sv\/ajankohtaista\/asiakastilaisuus-28-11-2025\/#breadcrumb\",\"itemListElement\":[{\"@type\":\"ListItem\",\"position\":1,\"name\":\"Etusivu\",\"item\":\"https:\/\/vaasankameleontti.fi\/sv\/\"},{\"@type\":\"ListItem\",\"position\":2,\"name\":\"Tervetuloa tutustumaan Vaasan Kameleonttiin pe 28.11. klo 8.00-9.30\"}]},{\"@type\":\"WebSite\",\"@id\":\"https:\/\/vaasankameleontti.fi\/sv\/#website\",\"url\":\"https:\/\/vaasankameleontti.fi\/sv\/\",\"name\":\"Vaasan Kameleontti\",\"description\":\"Kameleontti tarjoaa yrityksellesi tulevaisuuden toimitilat Runsorin ytimess\u00e4 lentokent\u00e4n vieress\u00e4 ja vain vartin ajomatkan p\u00e4\u00e4ss\u00e4 Vaasan keskustasta.\",\"publisher\":{\"@id\":\"https:\/\/vaasankameleontti.fi\/sv\/#organization\"},\"potentialAction\":[{\"@type\":\"SearchAction\",\"target\":{\"@type\":\"EntryPoint\",\"urlTemplate\":\"https:\/\/vaasankameleontti.fi\/sv\/?s={search_term_string}\"},\"query-input\":{\"@type\":\"PropertyValueSpecification\",\"valueRequired\":true,\"valueName\":\"search_term_string\"}}],\"inLanguage\":\"sv-SE\"},{\"@type\":\"Organization\",\"@id\":\"https:\/\/vaasankameleontti.fi\/sv\/#organization\",\"name\":\"Kameleonten i Vasa\",\"url\":\"https:\/\/vaasankameleontti.fi\/sv\/\",\"logo\":{\"@type\":\"ImageObject\",\"inLanguage\":\"sv-SE\",\"@id\":\"https:\/\/vaasankameleontti.fi\/sv\/#\/schema\/logo\/image\/\",\"url\":\"https:\/\/vaasankameleontti.fi\/wp-content\/uploads\/2025\/10\/Kameleontti_logo_oranssi_fi.svg\",\"contentUrl\":\"https:\/\/vaasankameleontti.fi\/wp-content\/uploads\/2025\/10\/Kameleontti_logo_oranssi_fi.svg\",\"width\":9897949829,\"height\":2083159943,\"caption\":\"Kameleonten i Vasa\"},\"image\":{\"@id\":\"https:\/\/vaasankameleontti.fi\/sv\/#\/schema\/logo\/image\/\"}},{\"@type\":\"Person\",\"@id\":\"https:\/\/vaasankameleontti.fi\/sv\/#\/schema\/person\/81cf124221f9f1ffdfcb3fe9bd82645b\",\"name\":\"admin\",\"sameAs\":[\"https:\/\/vaasankameleontti.fi\"]}]}<\/script>\n<!-- \/ Yoast SEO plugin. -->","yoast_head_json":{"title":"Tervetuloa tutustumaan Vaasan Kameleonttiin pe 28.11. klo 8.00-9.30 - Vaasan Kameleontti","robots":{"index":"index","follow":"follow","max-snippet":"max-snippet:-1","max-image-preview":"max-image-preview:large","max-video-preview":"max-video-preview:-1"},"canonical":"https:\/\/vaasankameleontti.fi\/sv\/ajankohtaista\/asiakastilaisuus-28-11-2025\/","og_locale":"sv_SE","og_type":"article","og_title":"Tervetuloa tutustumaan Vaasan Kameleonttiin pe 28.11. klo 8.00-9.30 - Vaasan Kameleontti","og_description":"Pyyd\u00e4mme ilmoittautumista tilaisuuteen ti 25.11. menness\u00e4 alla olevan linkin kautta. Voit ilmoittaa samalla my\u00f6s useampia osallistujia.","og_url":"https:\/\/vaasankameleontti.fi\/sv\/ajankohtaista\/asiakastilaisuus-28-11-2025\/","og_site_name":"Vaasan Kameleontti","article_published_time":"2025-11-19T07:00:57+00:00","article_modified_time":"2025-12-02T13:21:20+00:00","og_image":[{"width":1199,"height":800,"url":"https:\/\/vaasankameleontti.fi\/wp-content\/uploads\/2025\/11\/vaasan-kameleontti-ulkoa3.jpg","type":"image\/jpeg"}],"author":"admin","twitter_card":"summary_large_image","twitter_misc":{"Skriven av":"admin","Ber\u00e4knad l\u00e4stid":"1 minut"},"schema":{"@context":"https:\/\/schema.org","@graph":[{"@type":"Article","@id":"https:\/\/vaasankameleontti.fi\/sv\/ajankohtaista\/asiakastilaisuus-28-11-2025\/#article","isPartOf":{"@id":"https:\/\/vaasankameleontti.fi\/sv\/ajankohtaista\/asiakastilaisuus-28-11-2025\/"},"author":{"name":"admin","@id":"https:\/\/vaasankameleontti.fi\/sv\/#\/schema\/person\/81cf124221f9f1ffdfcb3fe9bd82645b"},"headline":"Tervetuloa tutustumaan Vaasan Kameleonttiin pe 28.11. klo 8.00-9.30","datePublished":"2025-11-19T07:00:57+00:00","dateModified":"2025-12-02T13:21:20+00:00","mainEntityOfPage":{"@id":"https:\/\/vaasankameleontti.fi\/sv\/ajankohtaista\/asiakastilaisuus-28-11-2025\/"},"wordCount":54,"commentCount":1,"publisher":{"@id":"https:\/\/vaasankameleontti.fi\/sv\/#organization"},"image":{"@id":"https:\/\/vaasankameleontti.fi\/sv\/ajankohtaista\/asiakastilaisuus-28-11-2025\/#primaryimage"},"thumbnailUrl":"https:\/\/vaasankameleontti.fi\/wp-content\/uploads\/2025\/11\/vaasan-kameleontti-ulkoa3.jpg","articleSection":["Ajankohtaista"],"inLanguage":"sv-SE","potentialAction":[{"@type":"CommentAction","name":"Comment","target":["https:\/\/vaasankameleontti.fi\/sv\/ajankohtaista\/asiakastilaisuus-28-11-2025\/#respond"]}]},{"@type":"WebPage","@id":"https:\/\/vaasankameleontti.fi\/sv\/ajankohtaista\/asiakastilaisuus-28-11-2025\/","url":"https:\/\/vaasankameleontti.fi\/sv\/ajankohtaista\/asiakastilaisuus-28-11-2025\/","name":"Tervetuloa tutustumaan Vaasan Kameleonttiin pe 28.11. klo 8.00-9.30 - Vaasan Kameleontti","isPartOf":{"@id":"https:\/\/vaasankameleontti.fi\/sv\/#website"},"primaryImageOfPage":{"@id":"https:\/\/vaasankameleontti.fi\/sv\/ajankohtaista\/asiakastilaisuus-28-11-2025\/#primaryimage"},"image":{"@id":"https:\/\/vaasankameleontti.fi\/sv\/ajankohtaista\/asiakastilaisuus-28-11-2025\/#primaryimage"},"thumbnailUrl":"https:\/\/vaasankameleontti.fi\/wp-content\/uploads\/2025\/11\/vaasan-kameleontti-ulkoa3.jpg","datePublished":"2025-11-19T07:00:57+00:00","dateModified":"2025-12-02T13:21:20+00:00","breadcrumb":{"@id":"https:\/\/vaasankameleontti.fi\/sv\/ajankohtaista\/asiakastilaisuus-28-11-2025\/#breadcrumb"},"inLanguage":"sv-SE","potentialAction":[{"@type":"ReadAction","target":["https:\/\/vaasankameleontti.fi\/sv\/ajankohtaista\/asiakastilaisuus-28-11-2025\/"]}]},{"@type":"ImageObject","inLanguage":"sv-SE","@id":"https:\/\/vaasankameleontti.fi\/sv\/ajankohtaista\/asiakastilaisuus-28-11-2025\/#primaryimage","url":"https:\/\/vaasankameleontti.fi\/wp-content\/uploads\/2025\/11\/vaasan-kameleontti-ulkoa3.jpg","contentUrl":"https:\/\/vaasankameleontti.fi\/wp-content\/uploads\/2025\/11\/vaasan-kameleontti-ulkoa3.jpg","width":1199,"height":800},{"@type":"BreadcrumbList","@id":"https:\/\/vaasankameleontti.fi\/sv\/ajankohtaista\/asiakastilaisuus-28-11-2025\/#breadcrumb","itemListElement":[{"@type":"ListItem","position":1,"name":"Etusivu","item":"https:\/\/vaasankameleontti.fi\/sv\/"},{"@type":"ListItem","position":2,"name":"Tervetuloa tutustumaan Vaasan Kameleonttiin pe 28.11. klo 8.00-9.30"}]},{"@type":"WebSite","@id":"https:\/\/vaasankameleontti.fi\/sv\/#website","url":"https:\/\/vaasankameleontti.fi\/sv\/","name":"Vaasan Kameleontti","description":"Kameleontti tarjoaa yrityksellesi tulevaisuuden toimitilat Runsorin ytimess\u00e4 lentokent\u00e4n vieress\u00e4 ja vain vartin ajomatkan p\u00e4\u00e4ss\u00e4 Vaasan keskustasta.","publisher":{"@id":"https:\/\/vaasankameleontti.fi\/sv\/#organization"},"potentialAction":[{"@type":"SearchAction","target":{"@type":"EntryPoint","urlTemplate":"https:\/\/vaasankameleontti.fi\/sv\/?s={search_term_string}"},"query-input":{"@type":"PropertyValueSpecification","valueRequired":true,"valueName":"search_term_string"}}],"inLanguage":"sv-SE"},{"@type":"Organization","@id":"https:\/\/vaasankameleontti.fi\/sv\/#organization","name":"Kameleonten i Vasa","url":"https:\/\/vaasankameleontti.fi\/sv\/","logo":{"@type":"ImageObject","inLanguage":"sv-SE","@id":"https:\/\/vaasankameleontti.fi\/sv\/#\/schema\/logo\/image\/","url":"https:\/\/vaasankameleontti.fi\/wp-content\/uploads\/2025\/10\/Kameleontti_logo_oranssi_fi.svg","contentUrl":"https:\/\/vaasankameleontti.fi\/wp-content\/uploads\/2025\/10\/Kameleontti_logo_oranssi_fi.svg","width":9897949829,"height":2083159943,"caption":"Kameleonten i Vasa"},"image":{"@id":"https:\/\/vaasankameleontti.fi\/sv\/#\/schema\/logo\/image\/"}},{"@type":"Person","@id":"https:\/\/vaasankameleontti.fi\/sv\/#\/schema\/person\/81cf124221f9f1ffdfcb3fe9bd82645b","name":"admin","sameAs":["https:\/\/vaasankameleontti.fi"]}]}},"_links":{"self":[{"href":"https:\/\/vaasankameleontti.fi\/sv\/wp-json\/wp\/v2\/posts\/1","targetHints":{"allow":["GET"]}}],"collection":[{"href":"https:\/\/vaasankameleontti.fi\/sv\/wp-json\/wp\/v2\/posts"}],"about":[{"href":"https:\/\/vaasankameleontti.fi\/sv\/wp-json\/wp\/v2\/types\/post"}],"author":[{"embeddable":true,"href":"https:\/\/vaasankameleontti.fi\/sv\/wp-json\/wp\/v2\/users\/1"}],"replies":[{"embeddable":true,"href":"https:\/\/vaasankameleontti.fi\/sv\/wp-json\/wp\/v2\/comments?post=1"}],"version-history":[{"count":7,"href":"https:\/\/vaasankameleontti.fi\/sv\/wp-json\/wp\/v2\/posts\/1\/revisions"}],"predecessor-version":[{"id":430,"href":"https:\/\/vaasankameleontti.fi\/sv\/wp-json\/wp\/v2\/posts\/1\/revisions\/430"}],"wp:featuredmedia":[{"embeddable":true,"href":"https:\/\/vaasankameleontti.fi\/sv\/wp-json\/wp\/v2\/media\/447"}],"wp:attachment":[{"href":"https:\/\/vaasankameleontti.fi\/sv\/wp-json\/wp\/v2\/media?parent=1"}],"wp:term":[{"taxonomy":"category","embeddable":true,"href":"https:\/\/vaasankameleontti.fi\/sv\/wp-json\/wp\/v2\/categories?post=1"},{"taxonomy":"post_tag","embeddable":true,"href":"https:\/\/vaasankameleontti.fi\/sv\/wp-json\/wp\/v2\/tags?post=1"}],"curies":[{"name":"wp","href":"https:\/\/api.w.org\/{rel}","templated":true}]}}