{"id":602,"date":"2026-02-12T10:03:59","date_gmt":"2026-02-12T08:03:59","guid":{"rendered":"https:\/\/vaasankameleontti.fi\/aktuellt\/vaasa-kameleonttis-kundtillstallning-tisdag-17-3\/"},"modified":"2026-02-18T10:08:03","modified_gmt":"2026-02-18T08:08:03","slug":"vaasa-kameleonttis-kundtillstallning-tisdag-17-3","status":"publish","type":"post","link":"https:\/\/vaasankameleontti.fi\/sv\/aktuellt\/vaasa-kameleonttis-kundtillstallning-tisdag-17-3\/","title":{"rendered":"Kameleonten i Vasas kundevent tisdagen den 17.3."},"content":{"rendered":"<p>Varmt v\u00e4lkomna till Kameleonten i Vasas kundevent!<\/p>\n<p>Kv\u00e4llen inleds med en visning av Kameleonten i Vasas (Puotikuja 2, Vasa) fr\u00e5n kl. 15.30, varefter vi f\u00f6rflyttar oss till Vasa Energiska Arena omkring kl. 17. P\u00e5 arenan v\u00e4ntar middag samt matchen Sport vs. K\u00e4rp\u00e4t, som b\u00f6rjar kl. 18.30. <\/p>\n<p>Observera att tillst\u00e4llningen \u00e4r avsedd f\u00f6r f\u00f6retagsrepresentanter. Maximalt tv\u00e5 deltagare per f\u00f6retag. <\/p>\n<p><a class=\"custom-link btn btn-custom-typo font-181242 font-weight-400 text-initial no-letterspace border-width-0 btn-text-skin btn-color-279189 btn-icon-left cursor-init\" href=\"https:\/\/forms.gle\/Gj43ZBSbQY5mHyno7\" target=\"_blank\" rel=\"noopener\">Anm\u00e4l dig h\u00e4r<\/a><\/p>\n<p>Anm\u00e4lan avslutas fredagen den 13.3. kl. 14. <\/p>\n<p><strong>Mer information och fr\u00e5gor<\/strong><br \/>\n<strong>Tapio Lyytinen<\/strong><br \/>\n<span id=\"eeb-157633-27524\">tapio.lyytinen@joscon.fi<\/span><br \/>\ntfn 045 8067088<\/p>\n","protected":false},"excerpt":{"rendered":"<p>Varmt v\u00e4lkomna till Kameleonten i Vasas kundevent tisdagen den 17.3. fr\u00e5n kl. 15.30!  <\/p>\n","protected":false},"author":3,"featured_media":583,"comment_status":"closed","ping_status":"open","sticky":false,"template":"","format":"standard","meta":{"footnotes":""},"categories":[4],"tags":[],"class_list":["post-602","post","type-post","status-publish","format-standard","has-post-thumbnail","hentry","category-aktuellt"],"yoast_head":"<!-- This site is optimized with the Yoast SEO plugin v26.8 - https:\/\/yoast.com\/product\/yoast-seo-wordpress\/ -->\n<title>Kameleonten i Vasas kundevent tisdagen den 17.3. - Vaasan Kameleontti<\/title>\n<meta name=\"robots\" content=\"index, follow, max-snippet:-1, max-image-preview:large, max-video-preview:-1\" \/>\n<link rel=\"canonical\" href=\"https:\/\/vaasankameleontti.fi\/sv\/aktuellt\/vaasa-kameleonttis-kundtillstallning-tisdag-17-3\/\" \/>\n<meta property=\"og:locale\" content=\"sv_SE\" \/>\n<meta property=\"og:type\" content=\"article\" \/>\n<meta property=\"og:title\" content=\"Kameleonten i Vasas kundevent tisdagen den 17.3. - Vaasan Kameleontti\" \/>\n<meta property=\"og:description\" content=\"Varmt v\u00e4lkomna till Kameleonten i Vasas kundevent tisdagen den 17.3. fr\u00e5n kl. 15.30!\" \/>\n<meta property=\"og:url\" content=\"https:\/\/vaasankameleontti.fi\/sv\/aktuellt\/vaasa-kameleonttis-kundtillstallning-tisdag-17-3\/\" \/>\n<meta property=\"og:site_name\" content=\"Vaasan Kameleontti\" \/>\n<meta property=\"article:published_time\" content=\"2026-02-12T08:03:59+00:00\" \/>\n<meta property=\"article:modified_time\" content=\"2026-02-18T08:08:03+00:00\" \/>\n<meta property=\"og:image\" content=\"https:\/\/vaasankameleontti.fi\/wp-content\/uploads\/2026\/02\/kameleonttisport.jpg\" \/>\n\t<meta property=\"og:image:width\" content=\"1920\" \/>\n\t<meta property=\"og:image:height\" content=\"1080\" \/>\n\t<meta property=\"og:image:type\" content=\"image\/jpeg\" \/>\n<meta name=\"author\" content=\"Petra Viitanen\" \/>\n<meta name=\"twitter:card\" content=\"summary_large_image\" \/>\n<meta name=\"twitter:label1\" content=\"Skriven av\" \/>\n\t<meta name=\"twitter:data1\" content=\"Petra Viitanen\" \/>\n\t<meta name=\"twitter:label2\" content=\"Ber\u00e4knad l\u00e4stid\" \/>\n\t<meta name=\"twitter:data2\" content=\"1 minut\" \/>\n<script type=\"application\/ld+json\" class=\"yoast-schema-graph\">{\"@context\":\"https:\/\/schema.org\",\"@graph\":[{\"@type\":\"Article\",\"@id\":\"https:\/\/vaasankameleontti.fi\/sv\/aktuellt\/vaasa-kameleonttis-kundtillstallning-tisdag-17-3\/#article\",\"isPartOf\":{\"@id\":\"https:\/\/vaasankameleontti.fi\/sv\/aktuellt\/vaasa-kameleonttis-kundtillstallning-tisdag-17-3\/\"},\"author\":{\"name\":\"Petra Viitanen\",\"@id\":\"https:\/\/vaasankameleontti.fi\/sv\/#\/schema\/person\/2f4b35a35a18d11324d4038b1c2b7e55\"},\"headline\":\"Kameleonten i Vasas kundevent tisdagen den 17.3.\",\"datePublished\":\"2026-02-12T08:03:59+00:00\",\"dateModified\":\"2026-02-18T08:08:03+00:00\",\"mainEntityOfPage\":{\"@id\":\"https:\/\/vaasankameleontti.fi\/sv\/aktuellt\/vaasa-kameleonttis-kundtillstallning-tisdag-17-3\/\"},\"wordCount\":95,\"publisher\":{\"@id\":\"https:\/\/vaasankameleontti.fi\/sv\/#organization\"},\"image\":{\"@id\":\"https:\/\/vaasankameleontti.fi\/sv\/aktuellt\/vaasa-kameleonttis-kundtillstallning-tisdag-17-3\/#primaryimage\"},\"thumbnailUrl\":\"https:\/\/vaasankameleontti.fi\/wp-content\/uploads\/2026\/02\/kameleonttisport.jpg\",\"articleSection\":[\"Aktuellt\"],\"inLanguage\":\"sv-SE\"},{\"@type\":\"WebPage\",\"@id\":\"https:\/\/vaasankameleontti.fi\/sv\/aktuellt\/vaasa-kameleonttis-kundtillstallning-tisdag-17-3\/\",\"url\":\"https:\/\/vaasankameleontti.fi\/sv\/aktuellt\/vaasa-kameleonttis-kundtillstallning-tisdag-17-3\/\",\"name\":\"Kameleonten i Vasas kundevent tisdagen den 17.3. - Vaasan Kameleontti\",\"isPartOf\":{\"@id\":\"https:\/\/vaasankameleontti.fi\/sv\/#website\"},\"primaryImageOfPage\":{\"@id\":\"https:\/\/vaasankameleontti.fi\/sv\/aktuellt\/vaasa-kameleonttis-kundtillstallning-tisdag-17-3\/#primaryimage\"},\"image\":{\"@id\":\"https:\/\/vaasankameleontti.fi\/sv\/aktuellt\/vaasa-kameleonttis-kundtillstallning-tisdag-17-3\/#primaryimage\"},\"thumbnailUrl\":\"https:\/\/vaasankameleontti.fi\/wp-content\/uploads\/2026\/02\/kameleonttisport.jpg\",\"datePublished\":\"2026-02-12T08:03:59+00:00\",\"dateModified\":\"2026-02-18T08:08:03+00:00\",\"breadcrumb\":{\"@id\":\"https:\/\/vaasankameleontti.fi\/sv\/aktuellt\/vaasa-kameleonttis-kundtillstallning-tisdag-17-3\/#breadcrumb\"},\"inLanguage\":\"sv-SE\",\"potentialAction\":[{\"@type\":\"ReadAction\",\"target\":[\"https:\/\/vaasankameleontti.fi\/sv\/aktuellt\/vaasa-kameleonttis-kundtillstallning-tisdag-17-3\/\"]}]},{\"@type\":\"ImageObject\",\"inLanguage\":\"sv-SE\",\"@id\":\"https:\/\/vaasankameleontti.fi\/sv\/aktuellt\/vaasa-kameleonttis-kundtillstallning-tisdag-17-3\/#primaryimage\",\"url\":\"https:\/\/vaasankameleontti.fi\/wp-content\/uploads\/2026\/02\/kameleonttisport.jpg\",\"contentUrl\":\"https:\/\/vaasankameleontti.fi\/wp-content\/uploads\/2026\/02\/kameleonttisport.jpg\",\"width\":1920,\"height\":1080},{\"@type\":\"BreadcrumbList\",\"@id\":\"https:\/\/vaasankameleontti.fi\/sv\/aktuellt\/vaasa-kameleonttis-kundtillstallning-tisdag-17-3\/#breadcrumb\",\"itemListElement\":[{\"@type\":\"ListItem\",\"position\":1,\"name\":\"Etusivu\",\"item\":\"https:\/\/vaasankameleontti.fi\/sv\/\"},{\"@type\":\"ListItem\",\"position\":2,\"name\":\"Kameleonten i Vasas kundevent tisdagen den 17.3.\"}]},{\"@type\":\"WebSite\",\"@id\":\"https:\/\/vaasankameleontti.fi\/sv\/#website\",\"url\":\"https:\/\/vaasankameleontti.fi\/sv\/\",\"name\":\"Vaasan Kameleontti\",\"description\":\"Kameleontti tarjoaa yrityksellesi tulevaisuuden toimitilat Runsorin ytimess\u00e4 lentokent\u00e4n vieress\u00e4 ja vain vartin ajomatkan p\u00e4\u00e4ss\u00e4 Vaasan keskustasta.\",\"publisher\":{\"@id\":\"https:\/\/vaasankameleontti.fi\/sv\/#organization\"},\"potentialAction\":[{\"@type\":\"SearchAction\",\"target\":{\"@type\":\"EntryPoint\",\"urlTemplate\":\"https:\/\/vaasankameleontti.fi\/sv\/?s={search_term_string}\"},\"query-input\":{\"@type\":\"PropertyValueSpecification\",\"valueRequired\":true,\"valueName\":\"search_term_string\"}}],\"inLanguage\":\"sv-SE\"},{\"@type\":\"Organization\",\"@id\":\"https:\/\/vaasankameleontti.fi\/sv\/#organization\",\"name\":\"Kameleonten i Vasa\",\"url\":\"https:\/\/vaasankameleontti.fi\/sv\/\",\"logo\":{\"@type\":\"ImageObject\",\"inLanguage\":\"sv-SE\",\"@id\":\"https:\/\/vaasankameleontti.fi\/sv\/#\/schema\/logo\/image\/\",\"url\":\"https:\/\/vaasankameleontti.fi\/wp-content\/uploads\/2025\/10\/Kameleontti_logo_oranssi_fi.svg\",\"contentUrl\":\"https:\/\/vaasankameleontti.fi\/wp-content\/uploads\/2025\/10\/Kameleontti_logo_oranssi_fi.svg\",\"width\":9897949829,\"height\":2083159943,\"caption\":\"Kameleonten i Vasa\"},\"image\":{\"@id\":\"https:\/\/vaasankameleontti.fi\/sv\/#\/schema\/logo\/image\/\"}},{\"@type\":\"Person\",\"@id\":\"https:\/\/vaasankameleontti.fi\/sv\/#\/schema\/person\/2f4b35a35a18d11324d4038b1c2b7e55\",\"name\":\"Petra Viitanen\",\"sameAs\":[\"https:\/\/redcarpetgroup.fi\"]}]}<\/script>\n<!-- \/ Yoast SEO plugin. -->","yoast_head_json":{"title":"Kameleonten i Vasas kundevent tisdagen den 17.3. - Vaasan Kameleontti","robots":{"index":"index","follow":"follow","max-snippet":"max-snippet:-1","max-image-preview":"max-image-preview:large","max-video-preview":"max-video-preview:-1"},"canonical":"https:\/\/vaasankameleontti.fi\/sv\/aktuellt\/vaasa-kameleonttis-kundtillstallning-tisdag-17-3\/","og_locale":"sv_SE","og_type":"article","og_title":"Kameleonten i Vasas kundevent tisdagen den 17.3. - Vaasan Kameleontti","og_description":"Varmt v\u00e4lkomna till Kameleonten i Vasas kundevent tisdagen den 17.3. fr\u00e5n kl. 15.30!","og_url":"https:\/\/vaasankameleontti.fi\/sv\/aktuellt\/vaasa-kameleonttis-kundtillstallning-tisdag-17-3\/","og_site_name":"Vaasan Kameleontti","article_published_time":"2026-02-12T08:03:59+00:00","article_modified_time":"2026-02-18T08:08:03+00:00","og_image":[{"width":1920,"height":1080,"url":"https:\/\/vaasankameleontti.fi\/wp-content\/uploads\/2026\/02\/kameleonttisport.jpg","type":"image\/jpeg"}],"author":"Petra Viitanen","twitter_card":"summary_large_image","twitter_misc":{"Skriven av":"Petra Viitanen","Ber\u00e4knad l\u00e4stid":"1 minut"},"schema":{"@context":"https:\/\/schema.org","@graph":[{"@type":"Article","@id":"https:\/\/vaasankameleontti.fi\/sv\/aktuellt\/vaasa-kameleonttis-kundtillstallning-tisdag-17-3\/#article","isPartOf":{"@id":"https:\/\/vaasankameleontti.fi\/sv\/aktuellt\/vaasa-kameleonttis-kundtillstallning-tisdag-17-3\/"},"author":{"name":"Petra Viitanen","@id":"https:\/\/vaasankameleontti.fi\/sv\/#\/schema\/person\/2f4b35a35a18d11324d4038b1c2b7e55"},"headline":"Kameleonten i Vasas kundevent tisdagen den 17.3.","datePublished":"2026-02-12T08:03:59+00:00","dateModified":"2026-02-18T08:08:03+00:00","mainEntityOfPage":{"@id":"https:\/\/vaasankameleontti.fi\/sv\/aktuellt\/vaasa-kameleonttis-kundtillstallning-tisdag-17-3\/"},"wordCount":95,"publisher":{"@id":"https:\/\/vaasankameleontti.fi\/sv\/#organization"},"image":{"@id":"https:\/\/vaasankameleontti.fi\/sv\/aktuellt\/vaasa-kameleonttis-kundtillstallning-tisdag-17-3\/#primaryimage"},"thumbnailUrl":"https:\/\/vaasankameleontti.fi\/wp-content\/uploads\/2026\/02\/kameleonttisport.jpg","articleSection":["Aktuellt"],"inLanguage":"sv-SE"},{"@type":"WebPage","@id":"https:\/\/vaasankameleontti.fi\/sv\/aktuellt\/vaasa-kameleonttis-kundtillstallning-tisdag-17-3\/","url":"https:\/\/vaasankameleontti.fi\/sv\/aktuellt\/vaasa-kameleonttis-kundtillstallning-tisdag-17-3\/","name":"Kameleonten i Vasas kundevent tisdagen den 17.3. - Vaasan Kameleontti","isPartOf":{"@id":"https:\/\/vaasankameleontti.fi\/sv\/#website"},"primaryImageOfPage":{"@id":"https:\/\/vaasankameleontti.fi\/sv\/aktuellt\/vaasa-kameleonttis-kundtillstallning-tisdag-17-3\/#primaryimage"},"image":{"@id":"https:\/\/vaasankameleontti.fi\/sv\/aktuellt\/vaasa-kameleonttis-kundtillstallning-tisdag-17-3\/#primaryimage"},"thumbnailUrl":"https:\/\/vaasankameleontti.fi\/wp-content\/uploads\/2026\/02\/kameleonttisport.jpg","datePublished":"2026-02-12T08:03:59+00:00","dateModified":"2026-02-18T08:08:03+00:00","breadcrumb":{"@id":"https:\/\/vaasankameleontti.fi\/sv\/aktuellt\/vaasa-kameleonttis-kundtillstallning-tisdag-17-3\/#breadcrumb"},"inLanguage":"sv-SE","potentialAction":[{"@type":"ReadAction","target":["https:\/\/vaasankameleontti.fi\/sv\/aktuellt\/vaasa-kameleonttis-kundtillstallning-tisdag-17-3\/"]}]},{"@type":"ImageObject","inLanguage":"sv-SE","@id":"https:\/\/vaasankameleontti.fi\/sv\/aktuellt\/vaasa-kameleonttis-kundtillstallning-tisdag-17-3\/#primaryimage","url":"https:\/\/vaasankameleontti.fi\/wp-content\/uploads\/2026\/02\/kameleonttisport.jpg","contentUrl":"https:\/\/vaasankameleontti.fi\/wp-content\/uploads\/2026\/02\/kameleonttisport.jpg","width":1920,"height":1080},{"@type":"BreadcrumbList","@id":"https:\/\/vaasankameleontti.fi\/sv\/aktuellt\/vaasa-kameleonttis-kundtillstallning-tisdag-17-3\/#breadcrumb","itemListElement":[{"@type":"ListItem","position":1,"name":"Etusivu","item":"https:\/\/vaasankameleontti.fi\/sv\/"},{"@type":"ListItem","position":2,"name":"Kameleonten i Vasas kundevent tisdagen den 17.3."}]},{"@type":"WebSite","@id":"https:\/\/vaasankameleontti.fi\/sv\/#website","url":"https:\/\/vaasankameleontti.fi\/sv\/","name":"Vaasan Kameleontti","description":"Kameleontti tarjoaa yrityksellesi tulevaisuuden toimitilat Runsorin ytimess\u00e4 lentokent\u00e4n vieress\u00e4 ja vain vartin ajomatkan p\u00e4\u00e4ss\u00e4 Vaasan keskustasta.","publisher":{"@id":"https:\/\/vaasankameleontti.fi\/sv\/#organization"},"potentialAction":[{"@type":"SearchAction","target":{"@type":"EntryPoint","urlTemplate":"https:\/\/vaasankameleontti.fi\/sv\/?s={search_term_string}"},"query-input":{"@type":"PropertyValueSpecification","valueRequired":true,"valueName":"search_term_string"}}],"inLanguage":"sv-SE"},{"@type":"Organization","@id":"https:\/\/vaasankameleontti.fi\/sv\/#organization","name":"Kameleonten i Vasa","url":"https:\/\/vaasankameleontti.fi\/sv\/","logo":{"@type":"ImageObject","inLanguage":"sv-SE","@id":"https:\/\/vaasankameleontti.fi\/sv\/#\/schema\/logo\/image\/","url":"https:\/\/vaasankameleontti.fi\/wp-content\/uploads\/2025\/10\/Kameleontti_logo_oranssi_fi.svg","contentUrl":"https:\/\/vaasankameleontti.fi\/wp-content\/uploads\/2025\/10\/Kameleontti_logo_oranssi_fi.svg","width":9897949829,"height":2083159943,"caption":"Kameleonten i Vasa"},"image":{"@id":"https:\/\/vaasankameleontti.fi\/sv\/#\/schema\/logo\/image\/"}},{"@type":"Person","@id":"https:\/\/vaasankameleontti.fi\/sv\/#\/schema\/person\/2f4b35a35a18d11324d4038b1c2b7e55","name":"Petra Viitanen","sameAs":["https:\/\/redcarpetgroup.fi"]}]}},"_links":{"self":[{"href":"https:\/\/vaasankameleontti.fi\/sv\/wp-json\/wp\/v2\/posts\/602","targetHints":{"allow":["GET"]}}],"collection":[{"href":"https:\/\/vaasankameleontti.fi\/sv\/wp-json\/wp\/v2\/posts"}],"about":[{"href":"https:\/\/vaasankameleontti.fi\/sv\/wp-json\/wp\/v2\/types\/post"}],"author":[{"embeddable":true,"href":"https:\/\/vaasankameleontti.fi\/sv\/wp-json\/wp\/v2\/users\/3"}],"replies":[{"embeddable":true,"href":"https:\/\/vaasankameleontti.fi\/sv\/wp-json\/wp\/v2\/comments?post=602"}],"version-history":[{"count":6,"href":"https:\/\/vaasankameleontti.fi\/sv\/wp-json\/wp\/v2\/posts\/602\/revisions"}],"predecessor-version":[{"id":609,"href":"https:\/\/vaasankameleontti.fi\/sv\/wp-json\/wp\/v2\/posts\/602\/revisions\/609"}],"wp:featuredmedia":[{"embeddable":true,"href":"https:\/\/vaasankameleontti.fi\/sv\/wp-json\/wp\/v2\/media\/583"}],"wp:attachment":[{"href":"https:\/\/vaasankameleontti.fi\/sv\/wp-json\/wp\/v2\/media?parent=602"}],"wp:term":[{"taxonomy":"category","embeddable":true,"href":"https:\/\/vaasankameleontti.fi\/sv\/wp-json\/wp\/v2\/categories?post=602"},{"taxonomy":"post_tag","embeddable":true,"href":"https:\/\/vaasankameleontti.fi\/sv\/wp-json\/wp\/v2\/tags?post=602"}],"curies":[{"name":"wp","href":"https:\/\/api.w.org\/{rel}","templated":true}]}}